{"id":262,"date":"2014-11-24T12:38:29","date_gmt":"2014-11-24T11:38:29","guid":{"rendered":"https:\/\/www.panweb.at\/filz\/?p=262"},"modified":"2026-03-14T09:54:33","modified_gmt":"2026-03-14T08:54:33","slug":"filzkurstermine","status":"publish","type":"post","link":"https:\/\/www.panweb.at\/filz\/filzkurstermine\/","title":{"rendered":"Filzkurstermine  &#8211;  Workshops  2026"},"content":{"rendered":"\n<p>Filzworkshops in kleinen Gruppen &#8211;  in wundersch\u00f6ner Landschaft<\/p>\n\n\n\n<p><\/p>\n\n\n\n<figure class=\"wp-block-image size-large\"><a href=\"https:\/\/i0.wp.com\/www.panweb.at\/filz\/wp-content\/uploads\/2026\/01\/IMG_7512.jpeg?ssl=1\"><img data-recalc-dims=\"1\" decoding=\"async\" width=\"1024\" height=\"768\" data-attachment-id=\"2149\" data-permalink=\"https:\/\/www.panweb.at\/filz\/studio-konstanze-kroeg\/\" data-orig-file=\"https:\/\/i0.wp.com\/www.panweb.at\/filz\/wp-content\/uploads\/2026\/01\/IMG_7512.jpeg?fit=1920%2C1440&amp;ssl=1\" data-orig-size=\"1920,1440\" data-comments-opened=\"0\" data-image-meta=\"{&quot;aperture&quot;:&quot;2&quot;,&quot;credit&quot;:&quot;&quot;,&quot;camera&quot;:&quot;iPhone 12 Pro&quot;,&quot;caption&quot;:&quot;&quot;,&quot;created_timestamp&quot;:&quot;1767005423&quot;,&quot;copyright&quot;:&quot;&quot;,&quot;focal_length&quot;:&quot;6&quot;,&quot;iso&quot;:&quot;25&quot;,&quot;shutter_speed&quot;:&quot;0.0005420054200542&quot;,&quot;title&quot;:&quot;&quot;,&quot;orientation&quot;:&quot;1&quot;}\" data-image-title=\"workshop-raum-aussicht-natur-kunst-constanze-kroeg\" data-image-description=\"\" data-image-caption=\"&lt;p&gt;Inspiration zwischen Handwerk und Natur&lt;\/p&gt;\n\" data-large-file=\"https:\/\/i0.wp.com\/www.panweb.at\/filz\/wp-content\/uploads\/2026\/01\/IMG_7512.jpeg?fit=1024%2C768&amp;ssl=1\" src=\"https:\/\/i0.wp.com\/www.panweb.at\/filz\/wp-content\/uploads\/2026\/01\/IMG_7512.jpeg?resize=1024%2C768&#038;ssl=1\" alt=\"Aussicht aus dem Workshopraum von Constanze Kr\u00f6g mit Blick auf die Natur-hier entstehen gefilzte Kunstwerke aus Wolf und Seide\" class=\"wp-image-2149\" srcset=\"https:\/\/i0.wp.com\/www.panweb.at\/filz\/wp-content\/uploads\/2026\/01\/IMG_7512.jpeg?resize=1024%2C768&amp;ssl=1 1024w, https:\/\/i0.wp.com\/www.panweb.at\/filz\/wp-content\/uploads\/2026\/01\/IMG_7512.jpeg?resize=300%2C225&amp;ssl=1 300w, https:\/\/i0.wp.com\/www.panweb.at\/filz\/wp-content\/uploads\/2026\/01\/IMG_7512.jpeg?resize=768%2C576&amp;ssl=1 768w, https:\/\/i0.wp.com\/www.panweb.at\/filz\/wp-content\/uploads\/2026\/01\/IMG_7512.jpeg?resize=1536%2C1152&amp;ssl=1 1536w, https:\/\/i0.wp.com\/www.panweb.at\/filz\/wp-content\/uploads\/2026\/01\/IMG_7512.jpeg?resize=155%2C116&amp;ssl=1 155w, https:\/\/i0.wp.com\/www.panweb.at\/filz\/wp-content\/uploads\/2026\/01\/IMG_7512.jpeg?w=1920&amp;ssl=1 1920w\" sizes=\"(max-width: 1024px) 100vw, 1024px\" \/><\/a><figcaption class=\"wp-element-caption\">Inspiration zwischen Handwerk und Natur<\/figcaption><\/figure>\n\n\n\n<h3 class=\"wp-block-heading\">&nbsp;<\/h3>\n\n\n\n<p><\/p>\n\n\n\n<figure class=\"wp-block-image size-large is-resized\"><a href=\"https:\/\/i0.wp.com\/www.panweb.at\/filz\/wp-content\/uploads\/2021\/05\/67833C87-4D24-47DC-B1EF-F98627083DDA.jpeg?ssl=1\"><img data-recalc-dims=\"1\" decoding=\"async\" width=\"1024\" height=\"1024\" data-attachment-id=\"1532\" data-permalink=\"https:\/\/www.panweb.at\/filz\/67833c87-4d24-47dc-b1ef-f98627083dda\/\" data-orig-file=\"https:\/\/i0.wp.com\/www.panweb.at\/filz\/wp-content\/uploads\/2021\/05\/67833C87-4D24-47DC-B1EF-F98627083DDA.jpeg?fit=1213%2C1213&amp;ssl=1\" data-orig-size=\"1213,1213\" data-comments-opened=\"0\" data-image-meta=\"{&quot;aperture&quot;:&quot;0&quot;,&quot;credit&quot;:&quot;&quot;,&quot;camera&quot;:&quot;&quot;,&quot;caption&quot;:&quot;&quot;,&quot;created_timestamp&quot;:&quot;0&quot;,&quot;copyright&quot;:&quot;&quot;,&quot;focal_length&quot;:&quot;0&quot;,&quot;iso&quot;:&quot;0&quot;,&quot;shutter_speed&quot;:&quot;0&quot;,&quot;title&quot;:&quot;&quot;,&quot;orientation&quot;:&quot;1&quot;}\" data-image-title=\"67833C87-4D24-47DC-B1EF-F98627083DDA\" data-image-description=\"\" data-image-caption=\"\" data-large-file=\"https:\/\/i0.wp.com\/www.panweb.at\/filz\/wp-content\/uploads\/2021\/05\/67833C87-4D24-47DC-B1EF-F98627083DDA.jpeg?fit=1024%2C1024&amp;ssl=1\" src=\"https:\/\/i0.wp.com\/www.panweb.at\/filz\/wp-content\/uploads\/2021\/05\/67833C87-4D24-47DC-B1EF-F98627083DDA.jpeg?resize=1024%2C1024&#038;ssl=1\" alt=\"\" class=\"wp-image-1532\" style=\"width:393px;height:auto\" srcset=\"https:\/\/i0.wp.com\/www.panweb.at\/filz\/wp-content\/uploads\/2021\/05\/67833C87-4D24-47DC-B1EF-F98627083DDA.jpeg?resize=1024%2C1024&amp;ssl=1 1024w, https:\/\/i0.wp.com\/www.panweb.at\/filz\/wp-content\/uploads\/2021\/05\/67833C87-4D24-47DC-B1EF-F98627083DDA.jpeg?resize=300%2C300&amp;ssl=1 300w, https:\/\/i0.wp.com\/www.panweb.at\/filz\/wp-content\/uploads\/2021\/05\/67833C87-4D24-47DC-B1EF-F98627083DDA.jpeg?resize=150%2C150&amp;ssl=1 150w, https:\/\/i0.wp.com\/www.panweb.at\/filz\/wp-content\/uploads\/2021\/05\/67833C87-4D24-47DC-B1EF-F98627083DDA.jpeg?resize=768%2C768&amp;ssl=1 768w, https:\/\/i0.wp.com\/www.panweb.at\/filz\/wp-content\/uploads\/2021\/05\/67833C87-4D24-47DC-B1EF-F98627083DDA.jpeg?resize=116%2C116&amp;ssl=1 116w, https:\/\/i0.wp.com\/www.panweb.at\/filz\/wp-content\/uploads\/2021\/05\/67833C87-4D24-47DC-B1EF-F98627083DDA.jpeg?w=1213&amp;ssl=1 1213w\" sizes=\"(max-width: 1024px) 100vw, 1024px\" \/><\/a><\/figure>\n\n\n\n<h2 class=\"wp-block-heading\" id=\"offenes-filzatelier-freitag-samstag-25-26-februar-2022-in-zell-am-moos\">Offenes Filzatelier <br>Samstag, 28. Februar 2026<br>in Zell am Moos<\/h2>\n\n\n\n<p class=\"has-black-color has-text-color has-link-color wp-elements-4952b78cec6f0ea37725417846e41500\">Egal, ob du zum ersten Mal mit Wolle arbeitest und die Technik des Filzens f\u00fcr dich entdecken m\u00f6chtest oder bereits Erfahrung hast und neue Techniken probieren m\u00f6chtest: hier findest du Raum und Begleitung f\u00fcr Experimente, Inspiration und individuelle Projekte. <\/p>\n\n\n\n<p class=\"has-black-color has-text-color has-link-color wp-elements-1abf89632e0185399f163c2523fef31e\">Nach einer Einf\u00fchrung begleite ich euch gerne bei eurem Projekt<\/p>\n\n\n\n<p><\/p>\n\n\n\n<p class=\"has-black-color has-text-color has-link-color wp-elements-3c7af454f4b6d78f526bdb56ce90c7ec\">Kaffee, Tee, Getr\u00e4nke und Kekse inbegriffen. Eine Jause f\u00fcr eine gemeinsame Mittagspause bitte mitbringen. Es ist auch eine kleine K\u00fcche vorhanden.<\/p>\n\n\n\n<p class=\"has-black-color has-text-color has-link-color wp-elements-b79a40e3babcc771aab93cb31035969c\">Filzkurs f\u00fcr Anf\u00e4nger und fortgeschrittene Filzer<\/p>\n\n\n\n<p class=\"has-black-color has-text-color has-link-color wp-elements-b2e812ceecafc6f293758709ed809257\"><br>Samstag,28. Februar 2026 &nbsp; &nbsp;10.00 &#8211; 18.00 Uhr<\/p>\n\n\n\n<p class=\"has-black-color has-text-color has-link-color wp-elements-01658506cbc17607dec8c5d49a71a167\">Kosten: \u20ac 120,00 + Material<\/p>\n\n\n\n<h3 class=\"wp-block-heading\" id=\"jetzt-gleich-anmelden\"><a href=\"mailto:filzkunst@panweb.at?subject=Kursanmeldung: Offenes Filzatelier 28. Februar 2026\">Jetzt gleich anmelden!<\/a><\/h3>\n\n\n\n<p><\/p>\n\n\n\n<p><\/p>\n\n\n\n<p><\/p>\n\n\n\n<figure class=\"wp-block-image size-full is-resized\"><a href=\"https:\/\/i0.wp.com\/www.panweb.at\/filz\/wp-content\/uploads\/2025\/01\/IMG_5944.jpeg?ssl=1\"><img data-recalc-dims=\"1\" decoding=\"async\" width=\"1140\" height=\"1520\" data-attachment-id=\"2026\" data-permalink=\"https:\/\/www.panweb.at\/filz\/img_5944\/\" data-orig-file=\"https:\/\/i0.wp.com\/www.panweb.at\/filz\/wp-content\/uploads\/2025\/01\/IMG_5944.jpeg?fit=1440%2C1920&amp;ssl=1\" data-orig-size=\"1440,1920\" data-comments-opened=\"0\" data-image-meta=\"{&quot;aperture&quot;:&quot;1.6&quot;,&quot;credit&quot;:&quot;&quot;,&quot;camera&quot;:&quot;iPhone 12 Pro&quot;,&quot;caption&quot;:&quot;&quot;,&quot;created_timestamp&quot;:&quot;1728495583&quot;,&quot;copyright&quot;:&quot;&quot;,&quot;focal_length&quot;:&quot;4.2&quot;,&quot;iso&quot;:&quot;32&quot;,&quot;shutter_speed&quot;:&quot;0.0018083182640145&quot;,&quot;title&quot;:&quot;&quot;,&quot;orientation&quot;:&quot;1&quot;}\" data-image-title=\"RAW Felting Workshop\" data-image-description=\"\" data-image-caption=\"\" data-large-file=\"https:\/\/i0.wp.com\/www.panweb.at\/filz\/wp-content\/uploads\/2025\/01\/IMG_5944.jpeg?fit=768%2C1024&amp;ssl=1\" src=\"https:\/\/i0.wp.com\/www.panweb.at\/filz\/wp-content\/uploads\/2025\/01\/IMG_5944.jpeg?resize=1140%2C1520&#038;ssl=1\" alt=\"\" class=\"wp-image-2026\" style=\"aspect-ratio:1;width:421px;height:auto\" srcset=\"https:\/\/i0.wp.com\/www.panweb.at\/filz\/wp-content\/uploads\/2025\/01\/IMG_5944.jpeg?w=1440&amp;ssl=1 1440w, https:\/\/i0.wp.com\/www.panweb.at\/filz\/wp-content\/uploads\/2025\/01\/IMG_5944.jpeg?resize=225%2C300&amp;ssl=1 225w, https:\/\/i0.wp.com\/www.panweb.at\/filz\/wp-content\/uploads\/2025\/01\/IMG_5944.jpeg?resize=768%2C1024&amp;ssl=1 768w, https:\/\/i0.wp.com\/www.panweb.at\/filz\/wp-content\/uploads\/2025\/01\/IMG_5944.jpeg?resize=1152%2C1536&amp;ssl=1 1152w, https:\/\/i0.wp.com\/www.panweb.at\/filz\/wp-content\/uploads\/2025\/01\/IMG_5944.jpeg?resize=87%2C116&amp;ssl=1 87w\" sizes=\"(max-width: 1140px) 100vw, 1140px\" \/><\/a><\/figure>\n\n\n\n<h2 class=\"wp-block-heading\" id=\"raw-filzworkshop-25-26-marz-2022-in-zell-am-moos\">Raw&#8230; Filzworkshop &#8211; Rohwolle entdecken<br>7. &#8211; 8. M\u00e4rz 2026<br>in Zell am Moos<\/h2>\n\n\n\n<p class=\"has-black-color has-text-color has-link-color wp-elements-9aaa0a6a5fe8fb34c5a8fdbfdc3993cb\">In diesem experimentellen Workshop widmen wir uns der Verarbeitung von europ\u00e4ischer Rohwolle &#8211; einem uralten archaischen Material, das uns direkt mit der Natur verbindet. Jede Schafrasse hat ihre eigene Textur, Farbe und Ausstrahlung und m\u00f6chte auf ihre Weise verarbeitet werden.<\/p>\n\n\n\n<p class=\"has-black-color has-text-color has-link-color wp-elements-6f272301a9bb83b2e41a584e749f4acb\">Wir erkunden gemeinsam Unterschiede zwischen den Qualit\u00e4ten, Lockenstrukturen und Filzeigenschaften.<\/p>\n\n\n\n<p class=\"has-black-color has-text-color has-link-color wp-elements-f800743bc20719d655b1c4c1dbb3c71a\">Es entstehen: Von Materialproben bis zu fertigen St\u00fccken wie Kissen, Schalkragen, Wandbeh\u00e4ngen und Sitzfellen.<\/p>\n\n\n\n<p class=\"has-black-color has-text-color has-link-color wp-elements-359459bfaf7f0a12e47ebe3b8f40277f\">Filzkurs f\u00fcr Anf\u00e4nger:innen und fortgeschrittene Filzer:innen.<\/p>\n\n\n\n<p class=\"has-black-color has-text-color has-link-color wp-elements-3f8a88378566b6ea7f94369c4e0dd295\">Kaffee, Tee, Getr\u00e4nke und Kekse sind inbegriffen. Eine Jause f\u00fcr eine gemeinsame Mittagspause bitte mitbringen. Es ist auch eine kleine K\u00fcche vorhanden.<\/p>\n\n\n\n<p class=\"has-black-color has-text-color has-link-color wp-elements-51cc4cc0bcc2e3f86a65ba3281c2530b\">Samstag , 7. M\u00e4rz 2026 &nbsp; &nbsp; &nbsp; 10.00 &#8211; 18.00 Uhr<br> Samstag, 8. M\u00e4rz 2026&nbsp; &nbsp;  &nbsp;10.00 &#8211; 14.00 Uhr<\/p>\n\n\n\n<p class=\"has-black-color has-text-color has-link-color wp-elements-0284fb272050bd40f4ad5247889185a4\">Kosten: \u20ac 160,- &nbsp;+ Material<\/p>\n\n\n\n<h3 class=\"wp-block-heading\" id=\"jetzt-gleich-anmelden\"><a href=\"mailto:filzkunst@panweb.at?subject=Kursanmeldung RAW... 7. - 8. M\u00e4rz 2026\">Jetzt gleich anmelden!<\/a><\/h3>\n\n\n\n<p><\/p>\n\n\n\n<p><\/p>\n\n\n\n<p><\/p>\n\n\n\n<figure class=\"wp-block-image size-large is-resized\"><a href=\"https:\/\/i0.wp.com\/www.panweb.at\/filz\/wp-content\/uploads\/2026\/01\/IMG_7300.jpeg?ssl=1\"><img data-recalc-dims=\"1\" decoding=\"async\" width=\"1024\" height=\"768\" data-attachment-id=\"2156\" data-permalink=\"https:\/\/www.panweb.at\/filz\/img_7300\/\" data-orig-file=\"https:\/\/i0.wp.com\/www.panweb.at\/filz\/wp-content\/uploads\/2026\/01\/IMG_7300.jpeg?fit=1920%2C1440&amp;ssl=1\" data-orig-size=\"1920,1440\" data-comments-opened=\"0\" data-image-meta=\"{&quot;aperture&quot;:&quot;1.6&quot;,&quot;credit&quot;:&quot;&quot;,&quot;camera&quot;:&quot;iPhone 12 Pro&quot;,&quot;caption&quot;:&quot;&quot;,&quot;created_timestamp&quot;:&quot;1761575991&quot;,&quot;copyright&quot;:&quot;&quot;,&quot;focal_length&quot;:&quot;4.2&quot;,&quot;iso&quot;:&quot;320&quot;,&quot;shutter_speed&quot;:&quot;0.02&quot;,&quot;title&quot;:&quot;&quot;,&quot;orientation&quot;:&quot;1&quot;}\" data-image-title=\"Filz-workshop-natur-inspiriert-oberfl\u00e4chentechniken.jpg\" data-image-description=\"&lt;p&gt;Entdecke die Kunst des Filzens mit Oberfl\u00e4chentechniken,inspiriert von der Natur. Ideal f\u00fcr Anf\u00e4nger:innen und Fortgeschrittene &lt;\/p&gt;\n\" data-image-caption=\"\" data-large-file=\"https:\/\/i0.wp.com\/www.panweb.at\/filz\/wp-content\/uploads\/2026\/01\/IMG_7300.jpeg?fit=1024%2C768&amp;ssl=1\" src=\"https:\/\/i0.wp.com\/www.panweb.at\/filz\/wp-content\/uploads\/2026\/01\/IMG_7300.jpeg?resize=1024%2C768&#038;ssl=1\" alt=\"Filztechnik \u00dfTexturen\" class=\"wp-image-2156\" style=\"width:406px;height:auto\" srcset=\"https:\/\/i0.wp.com\/www.panweb.at\/filz\/wp-content\/uploads\/2026\/01\/IMG_7300.jpeg?resize=1024%2C768&amp;ssl=1 1024w, https:\/\/i0.wp.com\/www.panweb.at\/filz\/wp-content\/uploads\/2026\/01\/IMG_7300.jpeg?resize=300%2C225&amp;ssl=1 300w, https:\/\/i0.wp.com\/www.panweb.at\/filz\/wp-content\/uploads\/2026\/01\/IMG_7300.jpeg?resize=768%2C576&amp;ssl=1 768w, https:\/\/i0.wp.com\/www.panweb.at\/filz\/wp-content\/uploads\/2026\/01\/IMG_7300.jpeg?resize=1536%2C1152&amp;ssl=1 1536w, https:\/\/i0.wp.com\/www.panweb.at\/filz\/wp-content\/uploads\/2026\/01\/IMG_7300.jpeg?resize=155%2C116&amp;ssl=1 155w, https:\/\/i0.wp.com\/www.panweb.at\/filz\/wp-content\/uploads\/2026\/01\/IMG_7300.jpeg?w=1920&amp;ssl=1 1920w\" sizes=\"(max-width: 1024px) 100vw, 1024px\" \/><\/a><\/figure>\n\n\n\n<h2 class=\"wp-block-heading\">Inspirationen aus der Natur<\/h2>\n\n\n\n<h2 class=\"wp-block-heading\">Workshop f\u00fcr Texturen und Farbverl\u00e4ufe <\/h2>\n\n\n\n<h2 class=\"wp-block-heading\">17. &#8211; 18. April 2026<\/h2>\n\n\n\n<h2 class=\"wp-block-heading\">in Zell am Moos<\/h2>\n\n\n\n<p class=\"has-black-color has-text-color has-link-color wp-elements-58c0368714f6e3a93f1ad90fc387498f\">Filz ist der textile Ton &#8211; seine Formbarkeit l\u00e4sst ihn fast grenzenlos Gestalt annehmen.<br>Entdecke die Faszination von nat\u00fcrlichen Texturen und Farbverl\u00e4ufen &#8211; inspiriert von organischen Formen, Landschaften und Pflanzenstrukturen &#8211; von der rauen Oberfl\u00e4che von Rinde und Steinen bis zu weichen Wellenmuster Strukturen.<\/p>\n\n\n\n<p class=\"has-black-color has-text-color has-link-color wp-elements-ad3d5369d173e17c0e7a3b7b71065f5f\">Nat\u00fcrliche T\u00f6ne harmonisch kombinieren &#8211; wie in Mooslandschaften. Ein Workshop f\u00fcr Anf\u00e4nger und Fortgeschrittene mit Raum f\u00fcr eigene Ideen und Experimente.<\/p>\n\n\n\n<p class=\"has-black-color has-text-color has-link-color wp-elements-962ff130bc88dbaf5c124647793169f7\"> Die verschiedenen Techniken sind Ausgangspunkt f\u00fcr konkrete Projekte wie Skulpturen, Gef\u00e4\u00dfe, Handtaschen, Schals oder Kissen&#8230;<\/p>\n\n\n\n<p class=\"has-black-color has-text-color has-link-color wp-elements-8678c3bb8f74bbfd573101cacc681d98\">F\u00fcr Anf\u00e4nger:innen und fortgeschrittene Filzer:innen<\/p>\n\n\n\n<p class=\"has-black-color has-text-color has-link-color wp-elements-9ac00cf961d1ea846fe5a532228b76c6\"><\/p>\n\n\n\n<p class=\"has-black-color has-text-color has-link-color wp-elements-3c7af454f4b6d78f526bdb56ce90c7ec\">Kaffee, Tee, Getr\u00e4nke und Kekse inbegriffen. Eine Jause f\u00fcr eine gemeinsame Mittagspause bitte mitbringen. Es ist auch eine kleine K\u00fcche vorhanden.<\/p>\n\n\n\n<p class=\"has-black-color has-text-color has-link-color wp-elements-7d6aeb2940c32a486d4d2bd3191915ff\">Freitag, 17. April 2026           14.00 &#8211; 18.00<br>Samstag, 18. April 2026        10.00 &#8211; 18.00<\/p>\n\n\n\n<p class=\"has-black-color has-text-color has-link-color wp-elements-8a6778ccf1f1361bb6465dca9a5d40cb\">Kosten 160,&#8211; + Material<\/p>\n\n\n\n<h2 class=\"wp-block-heading\"><strong><a href=\"mailto:filzkunst@panweb.at?subject=Kursanmeldung:Oberfl\u00e4chen und Farbverl\u00e4ufe: am 17. - 18. April 2026\">Jetzt gleich anmelden!<\/a><\/strong><br><\/h2>\n\n\n\n<p><\/p>\n\n\n\n<figure class=\"wp-block-image size-large is-resized\"><a href=\"https:\/\/i0.wp.com\/www.panweb.at\/filz\/wp-content\/uploads\/2023\/12\/IMG_3216.jpeg?ssl=1\"><img data-recalc-dims=\"1\" decoding=\"async\" width=\"1024\" height=\"768\" data-attachment-id=\"1852\" data-permalink=\"https:\/\/www.panweb.at\/filz\/img_3216\/\" data-orig-file=\"https:\/\/i0.wp.com\/www.panweb.at\/filz\/wp-content\/uploads\/2023\/12\/IMG_3216.jpeg?fit=1920%2C1440&amp;ssl=1\" data-orig-size=\"1920,1440\" data-comments-opened=\"0\" data-image-meta=\"{&quot;aperture&quot;:&quot;1.6&quot;,&quot;credit&quot;:&quot;&quot;,&quot;camera&quot;:&quot;iPhone 12 Pro&quot;,&quot;caption&quot;:&quot;&quot;,&quot;created_timestamp&quot;:&quot;1682103879&quot;,&quot;copyright&quot;:&quot;&quot;,&quot;focal_length&quot;:&quot;4.2&quot;,&quot;iso&quot;:&quot;125&quot;,&quot;shutter_speed&quot;:&quot;0.0095238095238095&quot;,&quot;title&quot;:&quot;&quot;,&quot;orientation&quot;:&quot;1&quot;}\" data-image-title=\"F\u00e4rbeworshop:Indigo &amp;#8211; Rost\" data-image-description=\"&lt;p&gt;Indigof\u00e4rbung auf Seide und Rostmetall&lt;\/p&gt;\n\" data-image-caption=\"\" data-large-file=\"https:\/\/i0.wp.com\/www.panweb.at\/filz\/wp-content\/uploads\/2023\/12\/IMG_3216.jpeg?fit=1024%2C768&amp;ssl=1\" src=\"https:\/\/i0.wp.com\/www.panweb.at\/filz\/wp-content\/uploads\/2023\/12\/IMG_3216.jpeg?resize=1024%2C768&#038;ssl=1\" alt=\"\" class=\"wp-image-1852\" style=\"width:423px;height:auto\" srcset=\"https:\/\/i0.wp.com\/www.panweb.at\/filz\/wp-content\/uploads\/2023\/12\/IMG_3216.jpeg?resize=1024%2C768&amp;ssl=1 1024w, https:\/\/i0.wp.com\/www.panweb.at\/filz\/wp-content\/uploads\/2023\/12\/IMG_3216.jpeg?resize=300%2C225&amp;ssl=1 300w, https:\/\/i0.wp.com\/www.panweb.at\/filz\/wp-content\/uploads\/2023\/12\/IMG_3216.jpeg?resize=768%2C576&amp;ssl=1 768w, https:\/\/i0.wp.com\/www.panweb.at\/filz\/wp-content\/uploads\/2023\/12\/IMG_3216.jpeg?resize=1536%2C1152&amp;ssl=1 1536w, https:\/\/i0.wp.com\/www.panweb.at\/filz\/wp-content\/uploads\/2023\/12\/IMG_3216.jpeg?resize=155%2C116&amp;ssl=1 155w, https:\/\/i0.wp.com\/www.panweb.at\/filz\/wp-content\/uploads\/2023\/12\/IMG_3216.jpeg?w=1920&amp;ssl=1 1920w\" sizes=\"(max-width: 1024px) 100vw, 1024px\" \/><\/a><\/figure>\n\n\n\n<h2 class=\"wp-block-heading\" id=\"rost-blau-farbeworkshop20-22-mai-2022in-zell-am-moos\">Rost &#8211; Blau &#8211; Oxidation<br>F\u00e4rbeworkshop<br>15. &#8211; 16. Mai 2025<br>in Zell am Moos<\/h2>\n\n\n\n<p class=\"has-black-color has-text-color has-link-color wp-elements-33953adfe74051ef4d872cd783cb6efc\"><strong>Rost und Indigof\u00e4rbungen auf Seide zur Gestaltung von Filzoberfl\u00e4chen<\/strong><\/p>\n\n\n\n<p class=\"has-black-color has-text-color has-link-color wp-elements-986c760f8d42b7dc7e3a24295fd57adf\">Rost &#8211; ein l\u00e4stiger Begleiter, wenn er ungewollt unsere Kleidung verschmutzt!<\/p>\n\n\n\n<p class=\"has-black-color has-text-color has-link-color wp-elements-6a9d838443c6fede0e7f57da94f0ab02\">In diesem Kurs lernen Sie diesen Naturfarbstoff und seien F\u00e4higkeit Textilien dauerhaft zu f\u00e4rben, n\u00e4her kennen und sch\u00f6pfen aus einer Vielzahl an M\u00f6glichkeiten. Die Kombination mit Indigo l\u00e4sst das Experimenierfeld noch gr\u00f6\u00dfer werden. Durch Oxidation entstehen beide Naturfarben und lassen sich gut kombinieren.<\/p>\n\n\n\n<p class=\"has-black-color has-text-color has-link-color wp-elements-53028a0cf5eb1aa74bae337d393aa884\">Freitag, 15. Mai 2026 \u00a0 \u00a0 \u00a0 \u00a0 10.00 &#8211; 18.00 Uhr<br>Samstag, 16. Mai 2026\u00a0 \u00a0 \u00a0 9.00 &#8211; 18.00 Uhr<br><\/p>\n\n\n\n<p class=\"has-black-color has-text-color has-link-color wp-elements-c54bfeabb8f55add97f08eec52b068eb\">Kosten: \u20ac 180,00 + Material<\/p>\n\n\n\n<h3 class=\"wp-block-heading\" id=\"jetzt-gleich-anmelden-3\"><a href=\"mailto:filzkunst@panweb.at?subject=Kursanmeldung: Rost- Blau-Oxidation 15. - 16. Mai 2026\" target=\"_blank\" rel=\"noreferrer noopener\">Jetzt gleich anmelden!<\/a><\/h3>\n\n\n\n<p><\/p>\n\n\n\n<p><\/p>\n\n\n\n<figure class=\"wp-block-image size-large is-resized\"><a href=\"https:\/\/i0.wp.com\/www.panweb.at\/filz\/wp-content\/uploads\/2026\/01\/IMG_7192.jpeg?ssl=1\"><img data-recalc-dims=\"1\" decoding=\"async\" width=\"768\" height=\"1024\" data-attachment-id=\"2160\" data-permalink=\"https:\/\/www.panweb.at\/filz\/ecoprintworkshop-13-juni-2026zell-am-moos\/\" data-orig-file=\"https:\/\/i0.wp.com\/www.panweb.at\/filz\/wp-content\/uploads\/2026\/01\/IMG_7192.jpeg?fit=1440%2C1920&amp;ssl=1\" data-orig-size=\"1440,1920\" data-comments-opened=\"0\" data-image-meta=\"{&quot;aperture&quot;:&quot;1.6&quot;,&quot;credit&quot;:&quot;&quot;,&quot;camera&quot;:&quot;iPhone 12 Pro&quot;,&quot;caption&quot;:&quot;&quot;,&quot;created_timestamp&quot;:&quot;1758361622&quot;,&quot;copyright&quot;:&quot;&quot;,&quot;focal_length&quot;:&quot;4.2&quot;,&quot;iso&quot;:&quot;40&quot;,&quot;shutter_speed&quot;:&quot;0.0082644628099174&quot;,&quot;title&quot;:&quot;&quot;,&quot;orientation&quot;:&quot;1&quot;}\" data-image-title=\"ecoprint-workshop-naturfarben-pflanzen-drucken.jpg\" data-image-description=\"&lt;p&gt;Entdecke die Kunst des Ecoprints: Lerne, wie du mit Bl\u00e4ttern und nat\u00fcrlichen Farbstoffen einzigartige Muster auf Stoff erzeugst. Jetzt anmelden!&lt;\/p&gt;\n\" data-image-caption=\"\" data-large-file=\"https:\/\/i0.wp.com\/www.panweb.at\/filz\/wp-content\/uploads\/2026\/01\/IMG_7192.jpeg?fit=768%2C1024&amp;ssl=1\" src=\"https:\/\/i0.wp.com\/www.panweb.at\/filz\/wp-content\/uploads\/2026\/01\/IMG_7192.jpeg?resize=768%2C1024&#038;ssl=1\" alt=\"\" class=\"wp-image-2160\" style=\"width:384px;height:auto\" srcset=\"https:\/\/i0.wp.com\/www.panweb.at\/filz\/wp-content\/uploads\/2026\/01\/IMG_7192.jpeg?resize=768%2C1024&amp;ssl=1 768w, https:\/\/i0.wp.com\/www.panweb.at\/filz\/wp-content\/uploads\/2026\/01\/IMG_7192.jpeg?resize=225%2C300&amp;ssl=1 225w, https:\/\/i0.wp.com\/www.panweb.at\/filz\/wp-content\/uploads\/2026\/01\/IMG_7192.jpeg?resize=1152%2C1536&amp;ssl=1 1152w, https:\/\/i0.wp.com\/www.panweb.at\/filz\/wp-content\/uploads\/2026\/01\/IMG_7192.jpeg?resize=87%2C116&amp;ssl=1 87w, https:\/\/i0.wp.com\/www.panweb.at\/filz\/wp-content\/uploads\/2026\/01\/IMG_7192.jpeg?w=1440&amp;ssl=1 1440w\" sizes=\"(max-width: 768px) 100vw, 768px\" \/><\/a><\/figure>\n\n\n\n<h2 class=\"wp-block-heading\" id=\"rost-blau-farbeworkshop20-22-mai-2022in-zell-am-moos\"><br>Nat\u00fcrlicher Pflanzendruck Ecoprint Workshop<br>13. Juni 2026<br>in Zell am Moos<\/h2>\n\n\n\n<p class=\"has-black-color has-text-color has-link-color wp-elements-11ce539431068e79ac8b5cc78af938b0\">\u00dcber das Drucken mit Pflanzen<\/p>\n\n\n\n<p class=\"has-black-color has-text-color has-link-color wp-elements-dbbfcb6544467468d3eaf1d44c476ba9\">Ein kurzer Einstieg in die Welt des Ecoprints! In diesem Workshop lernst du die Grundbegriffe, wie du mit Bl\u00e4ttern, Bl\u00fcten, Rinden und Wurzeln einzigartige Muster auf Stoff und Papier erzeugst.<\/p>\n\n\n\n<p class=\"has-black-color has-text-color has-link-color wp-elements-1e0bda9137a17459724ca642c86264a2\">Der Workshop richtet sich an Einsteiger:innen<\/p>\n\n\n\n<p class=\"has-black-color has-text-color has-link-color wp-elements-9e64fbd332d181d1d4be0c8f33a472b5\">Ein entspannter Kurs in der nat\u00fcrlichen Umgebung des Irrsees und viel Zeit f\u00fcr das Experiment.<\/p>\n\n\n\n<p class=\"has-black-color has-text-color has-link-color wp-elements-6f239ec30047968e62d118fc45328636\"><br>Samstag, 13. Juni 2026       10.00 &#8211; 18.00 <br><\/p>\n\n\n\n<p class=\"has-black-color has-text-color has-link-color wp-elements-9ac00cf961d1ea846fe5a532228b76c6\"><\/p>\n\n\n\n<p class=\"has-black-color has-text-color has-link-color wp-elements-421026e1d1ea65eff8b9b93d4abf451e\">Kosten: \u20ac120 ,&#8211; + Material<\/p>\n\n\n\n<h3 class=\"wp-block-heading\" id=\"jetzt-gleich-anmelden-6\"><a href=\"mailto:filzkunst@panweb.at?subject=Kursanmeldung: Ecoprint f\u00fcr ernstiger:innen 13. Juni 2026\">Jetzt gleich anmelden<\/a><\/h3>\n\n\n\n<p><\/p>\n\n\n\n<p><\/p>\n\n\n\n<p><\/p>\n\n\n\n<figure class=\"wp-block-image size-large is-resized\"><a href=\"https:\/\/i0.wp.com\/www.panweb.at\/filz\/wp-content\/uploads\/2022\/12\/A219CF7B-CBE8-477C-BA2D-25330142D063.jpeg?ssl=1\"><img data-recalc-dims=\"1\" decoding=\"async\" width=\"1024\" height=\"1024\" data-attachment-id=\"1782\" data-permalink=\"https:\/\/www.panweb.at\/filz\/a219cf7b-cbe8-477c-ba2d-25330142d063\/\" data-orig-file=\"https:\/\/i0.wp.com\/www.panweb.at\/filz\/wp-content\/uploads\/2022\/12\/A219CF7B-CBE8-477C-BA2D-25330142D063.jpeg?fit=1182%2C1182&amp;ssl=1\" data-orig-size=\"1182,1182\" data-comments-opened=\"0\" data-image-meta=\"{&quot;aperture&quot;:&quot;0&quot;,&quot;credit&quot;:&quot;&quot;,&quot;camera&quot;:&quot;&quot;,&quot;caption&quot;:&quot;&quot;,&quot;created_timestamp&quot;:&quot;1577720920&quot;,&quot;copyright&quot;:&quot;&quot;,&quot;focal_length&quot;:&quot;0&quot;,&quot;iso&quot;:&quot;0&quot;,&quot;shutter_speed&quot;:&quot;0&quot;,&quot;title&quot;:&quot;&quot;,&quot;orientation&quot;:&quot;0&quot;}\" data-image-title=\"A219CF7B-CBE8-477C-BA2D-25330142D063\" data-image-description=\"\" data-image-caption=\"\" data-large-file=\"https:\/\/i0.wp.com\/www.panweb.at\/filz\/wp-content\/uploads\/2022\/12\/A219CF7B-CBE8-477C-BA2D-25330142D063.jpeg?fit=1024%2C1024&amp;ssl=1\" src=\"https:\/\/i0.wp.com\/www.panweb.at\/filz\/wp-content\/uploads\/2022\/12\/A219CF7B-CBE8-477C-BA2D-25330142D063.jpeg?resize=1024%2C1024&#038;ssl=1\" alt=\"\" class=\"wp-image-1782\" style=\"width:366px;height:auto\" srcset=\"https:\/\/i0.wp.com\/www.panweb.at\/filz\/wp-content\/uploads\/2022\/12\/A219CF7B-CBE8-477C-BA2D-25330142D063.jpeg?resize=1024%2C1024&amp;ssl=1 1024w, https:\/\/i0.wp.com\/www.panweb.at\/filz\/wp-content\/uploads\/2022\/12\/A219CF7B-CBE8-477C-BA2D-25330142D063.jpeg?resize=300%2C300&amp;ssl=1 300w, https:\/\/i0.wp.com\/www.panweb.at\/filz\/wp-content\/uploads\/2022\/12\/A219CF7B-CBE8-477C-BA2D-25330142D063.jpeg?resize=150%2C150&amp;ssl=1 150w, https:\/\/i0.wp.com\/www.panweb.at\/filz\/wp-content\/uploads\/2022\/12\/A219CF7B-CBE8-477C-BA2D-25330142D063.jpeg?resize=768%2C768&amp;ssl=1 768w, https:\/\/i0.wp.com\/www.panweb.at\/filz\/wp-content\/uploads\/2022\/12\/A219CF7B-CBE8-477C-BA2D-25330142D063.jpeg?resize=116%2C116&amp;ssl=1 116w, https:\/\/i0.wp.com\/www.panweb.at\/filz\/wp-content\/uploads\/2022\/12\/A219CF7B-CBE8-477C-BA2D-25330142D063.jpeg?w=1182&amp;ssl=1 1182w\" sizes=\"(max-width: 1024px) 100vw, 1024px\" \/><\/a><\/figure>\n\n\n\n<p><strong>F\u00fcr Fortgeschrittene Filzer<\/strong><\/p>\n\n\n\n<p><\/p>\n\n\n\n<h2 class=\"wp-block-heading has-black-color has-text-color\" id=\"seamless-nahtlos-donnerstag-sonntag-10-13-marz-2022-in-zell-am-moos\">seamless&#8230; sleeveless&#8230;<br>nahtlos&#8230;  \u00e4rmellos&#8230;<\/h2>\n\n\n\n<h2 class=\"wp-block-heading has-black-color has-text-color\" id=\"seamless-nahtlos-donnerstag-sonntag-10-13-marz-2022-in-zell-am-moos\">25. &#8211; 27. Juni 2026<\/h2>\n\n\n\n<h2 class=\"wp-block-heading has-black-color has-text-color\" id=\"seamless-nahtlos-donnerstag-sonntag-10-13-marz-2022-in-zell-am-moos\">in Zell am Moos           <\/h2>\n\n\n\n<p class=\"has-black-color has-text-color has-link-color wp-elements-f693278ac92c9b7daceeb0cfdeac4379\">Die Faserrichtung bestimmt die Form! &#8211; Drei Tage intensive Auseinandersetzung mit Filzprobe, Schnittberechnung und Auslegetechnik. Es entstehen einfache tragbare St\u00fccke mit interessanten Oberfl\u00e4chen &#8211; nahtlos gefilzt.<\/p>\n\n\n\n<p class=\"has-black-color has-text-color has-link-color wp-elements-ff2bdaf2be33e9ea4c9ea85dc6767642\">Die Verbindung von Seide und Wolle erm\u00f6glicht es zarte und d\u00fcnne Filze herzustellen. Es k\u00f6nnen Jacken, Kleid, Pulli sowie St\u00fccke in Mantell\u00e4nge ohne \u00c4rmel hergestellt werden.<br>Wer sein Lieblingsst\u00fcck mit \u00c4rmel arbeiten m\u00f6chte, kann gerne noch den Sonntag dazu buchen!<\/p>\n\n\n\n<p class=\"has-black-color has-text-color has-link-color wp-elements-9ac00cf961d1ea846fe5a532228b76c6\"><\/p>\n\n\n\n<p class=\"has-black-color has-text-color has-link-color wp-elements-ce2ee041df29e78bf6e154b4ad609a68\">Einfache aber effektive Schnitte werden durch gezielte Verwendung von Farb-\u00ad und Materialakzenten zum Hingucker.<\/p>\n\n\n\n<p class=\"has-black-color has-text-color has-link-color wp-elements-41540e5fcaa177d08bf4046318223941\"><br><br>Donnerstag, 25. Juni 2026 10.00 &#8211; 19.00 Uhr<br>Freitag, 26. Juni 2026 \u00a0 \u00a0 \u00a0   \u00a09.00 &#8211; 19.00 Uhr<br>Samstag, 27 Juni 2026      9.00 &#8211; 18.00 Uhr<\/p>\n\n\n\n<p class=\"has-black-color has-text-color has-link-color wp-elements-4fbb45a588a8200aaf64268f952b542d\">Kosten: 295,00 + Material<\/p>\n\n\n\n<h3 class=\"wp-block-heading\" id=\"jetzt-gleich-anmelden-1\"><a href=\"mailto:filzkunst@panweb.at?subject=Kursanmeldung: Nahtlos... seamless... 10. 3. - 13. 3. 2022\">Jetzt gle<\/a><strong><a href=\"mailto:filzkunst@panweb.at?subject=Kursanmeldung: Nahtlos... seamless... 25. - 27. Juni 2026\">ich anmelden!<\/a><\/strong><\/h3>\n\n\n\n<p><\/p>\n\n\n\n<p><\/p>\n\n\n\n<h2 class=\"wp-block-heading\"><span style=\"color: #808080;\"> &nbsp;<\/span><\/h2>\n\n\n\n<figure class=\"wp-block-image size-full is-resized\"><a href=\"https:\/\/i0.wp.com\/www.panweb.at\/filz\/wp-content\/uploads\/2021\/05\/08A33BD3-FBCE-41ED-A3FA-E5B290D9554B.jpeg?ssl=1\"><img data-recalc-dims=\"1\" decoding=\"async\" width=\"811\" height=\"811\" data-attachment-id=\"1531\" data-permalink=\"https:\/\/www.panweb.at\/filz\/08a33bd3-fbce-41ed-a3fa-e5b290d9554b\/\" data-orig-file=\"https:\/\/i0.wp.com\/www.panweb.at\/filz\/wp-content\/uploads\/2021\/05\/08A33BD3-FBCE-41ED-A3FA-E5B290D9554B.jpeg?fit=811%2C811&amp;ssl=1\" data-orig-size=\"811,811\" data-comments-opened=\"0\" data-image-meta=\"{&quot;aperture&quot;:&quot;0&quot;,&quot;credit&quot;:&quot;&quot;,&quot;camera&quot;:&quot;&quot;,&quot;caption&quot;:&quot;&quot;,&quot;created_timestamp&quot;:&quot;0&quot;,&quot;copyright&quot;:&quot;&quot;,&quot;focal_length&quot;:&quot;0&quot;,&quot;iso&quot;:&quot;0&quot;,&quot;shutter_speed&quot;:&quot;0&quot;,&quot;title&quot;:&quot;&quot;,&quot;orientation&quot;:&quot;1&quot;}\" data-image-title=\"08A33BD3-FBCE-41ED-A3FA-E5B290D9554B\" data-image-description=\"\" data-image-caption=\"\" data-large-file=\"https:\/\/i0.wp.com\/www.panweb.at\/filz\/wp-content\/uploads\/2021\/05\/08A33BD3-FBCE-41ED-A3FA-E5B290D9554B.jpeg?fit=811%2C811&amp;ssl=1\" src=\"https:\/\/i0.wp.com\/www.panweb.at\/filz\/wp-content\/uploads\/2021\/05\/08A33BD3-FBCE-41ED-A3FA-E5B290D9554B.jpeg?resize=811%2C811&#038;ssl=1\" alt=\"\" class=\"wp-image-1531\" style=\"width:407px;height:407px\" srcset=\"https:\/\/i0.wp.com\/www.panweb.at\/filz\/wp-content\/uploads\/2021\/05\/08A33BD3-FBCE-41ED-A3FA-E5B290D9554B.jpeg?w=811&amp;ssl=1 811w, https:\/\/i0.wp.com\/www.panweb.at\/filz\/wp-content\/uploads\/2021\/05\/08A33BD3-FBCE-41ED-A3FA-E5B290D9554B.jpeg?resize=300%2C300&amp;ssl=1 300w, https:\/\/i0.wp.com\/www.panweb.at\/filz\/wp-content\/uploads\/2021\/05\/08A33BD3-FBCE-41ED-A3FA-E5B290D9554B.jpeg?resize=150%2C150&amp;ssl=1 150w, https:\/\/i0.wp.com\/www.panweb.at\/filz\/wp-content\/uploads\/2021\/05\/08A33BD3-FBCE-41ED-A3FA-E5B290D9554B.jpeg?resize=768%2C768&amp;ssl=1 768w, https:\/\/i0.wp.com\/www.panweb.at\/filz\/wp-content\/uploads\/2021\/05\/08A33BD3-FBCE-41ED-A3FA-E5B290D9554B.jpeg?resize=116%2C116&amp;ssl=1 116w\" sizes=\"(max-width: 811px) 100vw, 811px\" \/><\/a><\/figure>\n\n\n\n<h2 class=\"wp-block-heading\" id=\"offenes-filzateliersamstag-2-juli-2022in-zell-am-moos\">Offenes Filzatelier<br>Samstag 3. &#8211; 4. Juli 2026<br>in Zell am Moos<\/h2>\n\n\n\n<p class=\"has-black-color has-text-color has-link-color wp-elements-fe43841e5eef61334d25cb821578dec4\">Alle Projekte, f\u00fcr die ihr gerne meine Begleitung haben m\u00f6chtet und die in den Zeitrahmen passen, k\u00f6nnen hier gemeinsam erarbeitet werden. Arbeiten, die nicht fertiggestellt wurden oder Techniken, die noch ausgefeilt werden m\u00f6chten finden hier die Unterst\u00fctzung, die sie noch brauchen. Ihr k\u00f6nnt auch gerne experimentell an eurer Technik feilen oder gemeinsam neue Ideen entwickeln.<\/p>\n\n\n\n<p class=\"has-black-color has-text-color has-link-color wp-elements-3c7af454f4b6d78f526bdb56ce90c7ec\">Kaffee, Tee, Getr\u00e4nke und Kekse inbegriffen. Eine Jause f\u00fcr eine gemeinsame Mittagspause bitte mitbringen. Es ist auch eine kleine K\u00fcche vorhanden.<\/p>\n\n\n\n<p class=\"has-black-color has-text-color has-link-color wp-elements-25f6b8ab0c9142a4eb6f8d5ec5d62b44\">Freitag, 3 Juli 2026     10.00 &#8211; 18.00 Uhr<br>Samstag 4. Juli 2026   9.00 &#8211; 17.00 Uhr<\/p>\n\n\n\n<p class=\"has-black-color has-text-color has-link-color wp-elements-18720a11374aa02ab47015f0513b68af\">Kosten \u20ac 180.00 + Material<\/p>\n\n\n\n<h3 class=\"wp-block-heading\" id=\"jetzt-gleich-anmelden-4\"><a href=\"mailto:filzkunst@panweb.at?subject=Kursanmeldung: Offenes Filzatelier 3. - 4. Juli 2026\">Jetzt gleich anmelden!<\/a><\/h3>\n\n\n\n<p><\/p>\n\n\n\n<figure class=\"wp-block-image size-large is-resized\"><a href=\"https:\/\/i0.wp.com\/www.panweb.at\/filz\/wp-content\/uploads\/2023\/12\/244A60E8-2D88-464A-8FE4-210E9AE7FA66-edited-1.jpeg?ssl=1\"><img data-recalc-dims=\"1\" decoding=\"async\" width=\"773\" height=\"1024\" data-attachment-id=\"1880\" data-permalink=\"https:\/\/www.panweb.at\/filz\/244a60e8-2d88-464a-8fe4-210e9ae7fa66-3\/\" data-orig-file=\"https:\/\/i0.wp.com\/www.panweb.at\/filz\/wp-content\/uploads\/2023\/12\/244A60E8-2D88-464A-8FE4-210E9AE7FA66-edited-1.jpeg?fit=1449%2C1920&amp;ssl=1\" data-orig-size=\"1449,1920\" data-comments-opened=\"0\" data-image-meta=\"{&quot;aperture&quot;:&quot;5.6&quot;,&quot;credit&quot;:&quot;MANFRED-KROEG&quot;,&quot;camera&quot;:&quot;NIKON D810&quot;,&quot;caption&quot;:&quot;&quot;,&quot;created_timestamp&quot;:&quot;1577640008&quot;,&quot;copyright&quot;:&quot;office@panweb.at&quot;,&quot;focal_length&quot;:&quot;50&quot;,&quot;iso&quot;:&quot;64&quot;,&quot;shutter_speed&quot;:&quot;0.00625&quot;,&quot;title&quot;:&quot;&quot;,&quot;orientation&quot;:&quot;1&quot;}\" data-image-title=\"244A60E8-2D88-464A-8FE4-210E9AE7FA66\" data-image-description=\"\" data-image-caption=\"\" data-large-file=\"https:\/\/i0.wp.com\/www.panweb.at\/filz\/wp-content\/uploads\/2023\/12\/244A60E8-2D88-464A-8FE4-210E9AE7FA66-edited-1.jpeg?fit=773%2C1024&amp;ssl=1\" src=\"https:\/\/i0.wp.com\/www.panweb.at\/filz\/wp-content\/uploads\/2023\/12\/244A60E8-2D88-464A-8FE4-210E9AE7FA66-edited-1.jpeg?resize=773%2C1024&#038;ssl=1\" alt=\"\" class=\"wp-image-1880\" style=\"width:455px;height:341px\" srcset=\"https:\/\/i0.wp.com\/www.panweb.at\/filz\/wp-content\/uploads\/2023\/12\/244A60E8-2D88-464A-8FE4-210E9AE7FA66-edited-1.jpeg?resize=773%2C1024&amp;ssl=1 773w, https:\/\/i0.wp.com\/www.panweb.at\/filz\/wp-content\/uploads\/2023\/12\/244A60E8-2D88-464A-8FE4-210E9AE7FA66-edited-1.jpeg?resize=226%2C300&amp;ssl=1 226w, https:\/\/i0.wp.com\/www.panweb.at\/filz\/wp-content\/uploads\/2023\/12\/244A60E8-2D88-464A-8FE4-210E9AE7FA66-edited-1.jpeg?resize=768%2C1017&amp;ssl=1 768w, https:\/\/i0.wp.com\/www.panweb.at\/filz\/wp-content\/uploads\/2023\/12\/244A60E8-2D88-464A-8FE4-210E9AE7FA66-edited-1.jpeg?resize=1160%2C1536&amp;ssl=1 1160w, https:\/\/i0.wp.com\/www.panweb.at\/filz\/wp-content\/uploads\/2023\/12\/244A60E8-2D88-464A-8FE4-210E9AE7FA66-edited-1.jpeg?resize=88%2C116&amp;ssl=1 88w, https:\/\/i0.wp.com\/www.panweb.at\/filz\/wp-content\/uploads\/2023\/12\/244A60E8-2D88-464A-8FE4-210E9AE7FA66-edited-1.jpeg?w=1449&amp;ssl=1 1449w\" sizes=\"(max-width: 773px) 100vw, 773px\" \/><\/a><\/figure>\n\n\n\n<h2 class=\"wp-block-heading\" id=\"eco-print-naturlicher-pflanzendruckfarbekurs15-16-juli-2022in-zell-am-moos\">Teppichgeschichten<br>20. &#8211; 23. Juli 2026<br>in Zell am Moos<\/h2>\n\n\n\n<p class=\"has-black-color has-text-color has-link-color wp-elements-c63f33d7e46dceeee27d38377ef31114\">Alte Teppichmuster erz\u00e4hlen uns W\u00fcnsche und Geschichten vergangener Zeiten. Wir erz\u00e4hlen unsere eigenen Geschichten &#8211; ob abstrakt oder in Mustern.<\/p>\n\n\n\n<p class=\"has-black-color has-text-color has-link-color wp-elements-a4da755b36051ef1b51e9b513805f77a\">Die Teppichherstellung  ist eine uralte Technik, die in der Biographie des Filzens weit zur\u00fcckreicht. Filzteppiche isolieren, sind haltbar und ben\u00f6tigen nicht viel Werkzeuge, um sie zu produzieren.<\/p>\n\n\n\n<p class=\"has-black-color has-text-color has-link-color wp-elements-1e6329d6dfd3f43ff3da3e37b5164bbb\">Je nach Ausdauer und K\u00f6nnen, bestimmt ihr die Gr\u00f6\u00dfe und Musterung eures Teppichs selbst. Der Kurs ist gleicherma\u00dfen f\u00fcr Anf\u00e4nger und Fortgeschrittene geeignet. Es gibt einen kurzen \u00dcberblick \u00fcber Teppichmuster verschiedener Kulturen als Einstimmung, die Umsetzung eurer eigenen Teppichgeschichte begleite ich dann gerne.<br><\/p>\n\n\n\n<p class=\"has-black-color has-text-color has-link-color wp-elements-3c7af454f4b6d78f526bdb56ce90c7ec\">Kaffee, Tee, Getr\u00e4nke und Kekse inbegriffen. Eine Jause f\u00fcr eine gemeinsame Mittagspause bitte mitbringen. Es ist auch eine kleine K\u00fcche vorhanden.<\/p>\n\n\n\n<p class=\"has-black-color has-text-color has-link-color wp-elements-9252f7d2de4039116b9b96fa2817949e\">Montag, 20. Juli 2016      10.00 &#8211; 18.00 Uhr<br>Dienstag, 21. Juli 2026      9.00 &#8211; 17.00 Uhr<br>Mittwoch, 20. Juli 2026\u00a0 \u00a0 \u00a09.00 &#8211; 17.00 Uhr<br>Donnerstag, 23. Juli 2026\u00a0\u00a09.00 &#8211; 17.00 Uhr<\/p>\n\n\n\n<p class=\"has-black-color has-text-color has-link-color wp-elements-120cb66c4dcae20ddfd05532623c48ab\">Kosten: \u20ac 380.00<\/p>\n\n\n\n<h3 class=\"wp-block-heading\" id=\"jetzt-gleich-anmelden-4\"><a href=\"mailto:filzkunst@panweb.at?subject=Kursanmeldung: Teppichgeschichten 20. - 23.  Juli 2026\">Jetzt gleich anmelden!<\/a><\/h3>\n\n\n\n<h2 class=\"wp-block-heading\"><\/h2>\n\n\n\n<p><\/p>\n\n\n\n<p><\/p>\n\n\n\n<figure class=\"wp-block-image size-full is-resized\"><a href=\"https:\/\/i0.wp.com\/www.panweb.at\/filz\/wp-content\/uploads\/2022\/12\/DD6719E1-E97A-4319-B8B0-7DA8719078C9-scaled.jpeg?ssl=1\"><img data-recalc-dims=\"1\" decoding=\"async\" width=\"1140\" height=\"855\" data-attachment-id=\"1786\" data-permalink=\"https:\/\/www.panweb.at\/filz\/dd6719e1-e97a-4319-b8b0-7da8719078c9\/\" data-orig-file=\"https:\/\/i0.wp.com\/www.panweb.at\/filz\/wp-content\/uploads\/2022\/12\/DD6719E1-E97A-4319-B8B0-7DA8719078C9-scaled.jpeg?fit=1920%2C1440&amp;ssl=1\" data-orig-size=\"1920,1440\" data-comments-opened=\"0\" data-image-meta=\"{&quot;aperture&quot;:&quot;0&quot;,&quot;credit&quot;:&quot;&quot;,&quot;camera&quot;:&quot;&quot;,&quot;caption&quot;:&quot;&quot;,&quot;created_timestamp&quot;:&quot;0&quot;,&quot;copyright&quot;:&quot;&quot;,&quot;focal_length&quot;:&quot;0&quot;,&quot;iso&quot;:&quot;0&quot;,&quot;shutter_speed&quot;:&quot;0&quot;,&quot;title&quot;:&quot;&quot;,&quot;orientation&quot;:&quot;1&quot;}\" data-image-title=\"DD6719E1-E97A-4319-B8B0-7DA8719078C9\" data-image-description=\"\" data-image-caption=\"\" data-large-file=\"https:\/\/i0.wp.com\/www.panweb.at\/filz\/wp-content\/uploads\/2022\/12\/DD6719E1-E97A-4319-B8B0-7DA8719078C9-scaled.jpeg?fit=1024%2C768&amp;ssl=1\" src=\"https:\/\/i0.wp.com\/www.panweb.at\/filz\/wp-content\/uploads\/2022\/12\/DD6719E1-E97A-4319-B8B0-7DA8719078C9-scaled.jpeg?resize=1140%2C855&#038;ssl=1\" alt=\"\" class=\"wp-image-1786\" style=\"aspect-ratio:1.1595092024539877;width:483px;height:auto\" srcset=\"https:\/\/i0.wp.com\/www.panweb.at\/filz\/wp-content\/uploads\/2022\/12\/DD6719E1-E97A-4319-B8B0-7DA8719078C9-scaled.jpeg?w=1920&amp;ssl=1 1920w, https:\/\/i0.wp.com\/www.panweb.at\/filz\/wp-content\/uploads\/2022\/12\/DD6719E1-E97A-4319-B8B0-7DA8719078C9-scaled.jpeg?resize=300%2C225&amp;ssl=1 300w, https:\/\/i0.wp.com\/www.panweb.at\/filz\/wp-content\/uploads\/2022\/12\/DD6719E1-E97A-4319-B8B0-7DA8719078C9-scaled.jpeg?resize=1024%2C768&amp;ssl=1 1024w, https:\/\/i0.wp.com\/www.panweb.at\/filz\/wp-content\/uploads\/2022\/12\/DD6719E1-E97A-4319-B8B0-7DA8719078C9-scaled.jpeg?resize=768%2C576&amp;ssl=1 768w, https:\/\/i0.wp.com\/www.panweb.at\/filz\/wp-content\/uploads\/2022\/12\/DD6719E1-E97A-4319-B8B0-7DA8719078C9-scaled.jpeg?resize=1536%2C1152&amp;ssl=1 1536w, https:\/\/i0.wp.com\/www.panweb.at\/filz\/wp-content\/uploads\/2022\/12\/DD6719E1-E97A-4319-B8B0-7DA8719078C9-scaled.jpeg?resize=2048%2C1536&amp;ssl=1 2048w, https:\/\/i0.wp.com\/www.panweb.at\/filz\/wp-content\/uploads\/2022\/12\/DD6719E1-E97A-4319-B8B0-7DA8719078C9-scaled.jpeg?resize=155%2C116&amp;ssl=1 155w\" sizes=\"(max-width: 1140px) 100vw, 1140px\" \/><\/a><\/figure>\n\n\n\n<h2 class=\"wp-block-heading\">Eco Print &#8211; intensiv<br>7. &#8211; 8. August 2026<br>in Zell am Moos<\/h2>\n\n\n\n<p><\/p>\n\n\n\n<p class=\"has-black-color has-text-color has-link-color wp-elements-df62848e4d8915b84464ddd19c7ef056\">F\u00fcr alle, die sich eingehend mit dieser faszinierenden Pflanzendrucktechnik besch\u00e4ftigen wollen.<\/p>\n\n\n\n<p class=\"has-black-color has-text-color has-link-color wp-elements-b27d85c8ec49c07e8f3a38e110832867\">Ecoprint, ist eine kreative Technik, die die Sch\u00f6nheit der Natur direkt auf Textilien oder Papier \u00fcbertr\u00e4gt. In diesem Kurs lernst du \u00fcber die Materialien und Techniken: welche Bl\u00e4tter, Bl\u00fcten, Wurzeln und Rinden sich besonders gut eignen und welche Pflanzenfarben du  f\u00fcr die Hintergr\u00fcnde verwenden kannst.<\/p>\n\n\n\n<p class=\"has-black-color has-text-color has-link-color wp-elements-56c7b36f6336db060653cdd6cd679e9a\">Du erlernst Wissen \u00fcber Beizen und Fixiermittel und soweit Anregung zum Experimentieren Falt- Binde- Schichttechniken.<\/p>\n\n\n\n<p class=\"has-black-color has-text-color has-link-color wp-elements-593a5efe7b00aedc6aa6b3fe063d7355\"><br>Freitag, 7. August 2026       10.00 &#8211; 18.00 Uhr<br>Samstag 8. August 2026       9.00 &#8211; 18.00 Uhr<\/p>\n\n\n\n<p class=\"has-black-color has-text-color has-link-color wp-elements-4aa37af91227312b228c47ed9717ae92\">jeweils eine Stunde Mittagspause<\/p>\n\n\n\n<p class=\"has-black-color has-text-color has-link-color wp-elements-912a62159da4eda090cd59194d1570cb\">Kosten 180,00 + Material<\/p>\n\n\n\n<h2 class=\"wp-block-heading\"><a href=\"mailto:filzkunst@panweb.at?subject=Kursanmeldung: Ecoprint-intensiv 7. - 8. August 2026\">Jetzt gleich anmelden!<\/a><\/h2>\n\n\n\n<p><\/p>\n\n\n\n<p><\/p>\n\n\n\n<h3 class=\"wp-block-heading\" id=\"rost-blau-farbeworkshop20-22-mai-2022in-zell-am-moos\"><br><span style=\"color: #ff0000;\"><span style=\"caret-color: #ff0000;\"><\/span><\/span><\/h3>\n\n\n\n<h2 class=\"wp-block-heading\" id=\"nahtlos-armellos-filzworkshop26-28-august-2022in-zell-am-moos\">&nbsp;<\/h2>\n\n\n\n<figure class=\"wp-block-image size-large is-resized\"><a href=\"https:\/\/i0.wp.com\/www.panweb.at\/filz\/wp-content\/uploads\/2022\/12\/7FE2EAD3-588D-444A-A368-D2DAD718DE33-scaled.jpeg?ssl=1\"><img data-recalc-dims=\"1\" decoding=\"async\" width=\"1024\" height=\"768\" data-attachment-id=\"1783\" data-permalink=\"https:\/\/www.panweb.at\/filz\/7fe2ead3-588d-444a-a368-d2dad718de33\/\" data-orig-file=\"https:\/\/i0.wp.com\/www.panweb.at\/filz\/wp-content\/uploads\/2022\/12\/7FE2EAD3-588D-444A-A368-D2DAD718DE33-scaled.jpeg?fit=1920%2C1440&amp;ssl=1\" data-orig-size=\"1920,1440\" data-comments-opened=\"0\" data-image-meta=\"{&quot;aperture&quot;:&quot;0&quot;,&quot;credit&quot;:&quot;&quot;,&quot;camera&quot;:&quot;&quot;,&quot;caption&quot;:&quot;&quot;,&quot;created_timestamp&quot;:&quot;0&quot;,&quot;copyright&quot;:&quot;&quot;,&quot;focal_length&quot;:&quot;0&quot;,&quot;iso&quot;:&quot;0&quot;,&quot;shutter_speed&quot;:&quot;0&quot;,&quot;title&quot;:&quot;&quot;,&quot;orientation&quot;:&quot;1&quot;}\" data-image-title=\"7FE2EAD3-588D-444A-A368-D2DAD718DE33\" data-image-description=\"\" data-image-caption=\"\" data-large-file=\"https:\/\/i0.wp.com\/www.panweb.at\/filz\/wp-content\/uploads\/2022\/12\/7FE2EAD3-588D-444A-A368-D2DAD718DE33-scaled.jpeg?fit=1024%2C768&amp;ssl=1\" src=\"https:\/\/i0.wp.com\/www.panweb.at\/filz\/wp-content\/uploads\/2022\/12\/7FE2EAD3-588D-444A-A368-D2DAD718DE33.jpeg?resize=1024%2C768&#038;ssl=1\" alt=\"\" class=\"wp-image-1783\" style=\"aspect-ratio:1.3322784810126582;width:458px;height:auto\" srcset=\"https:\/\/i0.wp.com\/www.panweb.at\/filz\/wp-content\/uploads\/2022\/12\/7FE2EAD3-588D-444A-A368-D2DAD718DE33-scaled.jpeg?resize=1024%2C768&amp;ssl=1 1024w, https:\/\/i0.wp.com\/www.panweb.at\/filz\/wp-content\/uploads\/2022\/12\/7FE2EAD3-588D-444A-A368-D2DAD718DE33-scaled.jpeg?resize=300%2C225&amp;ssl=1 300w, https:\/\/i0.wp.com\/www.panweb.at\/filz\/wp-content\/uploads\/2022\/12\/7FE2EAD3-588D-444A-A368-D2DAD718DE33-scaled.jpeg?resize=768%2C576&amp;ssl=1 768w, https:\/\/i0.wp.com\/www.panweb.at\/filz\/wp-content\/uploads\/2022\/12\/7FE2EAD3-588D-444A-A368-D2DAD718DE33-scaled.jpeg?resize=1536%2C1152&amp;ssl=1 1536w, https:\/\/i0.wp.com\/www.panweb.at\/filz\/wp-content\/uploads\/2022\/12\/7FE2EAD3-588D-444A-A368-D2DAD718DE33-scaled.jpeg?resize=2048%2C1536&amp;ssl=1 2048w, https:\/\/i0.wp.com\/www.panweb.at\/filz\/wp-content\/uploads\/2022\/12\/7FE2EAD3-588D-444A-A368-D2DAD718DE33-scaled.jpeg?resize=155%2C116&amp;ssl=1 155w, https:\/\/i0.wp.com\/www.panweb.at\/filz\/wp-content\/uploads\/2022\/12\/7FE2EAD3-588D-444A-A368-D2DAD718DE33-scaled.jpeg?w=1920&amp;ssl=1 1920w\" sizes=\"(max-width: 1024px) 100vw, 1024px\" \/><\/a><\/figure>\n\n\n\n<h2 class=\"wp-block-heading has-black-color has-text-color\" id=\"texturen-und-oberflachenfilzworkshop2-3-september-2022in-zell-am-moos\">Gef\u00e4\u00dfe und Formen<br>11. &#8211; 12. September 2026<br>in Zell am Moos<\/h2>\n\n\n\n<p><\/p>\n\n\n\n<p class=\"has-black-color has-text-color has-link-color wp-elements-b9c3343efdb6543b82cf0bef3bb428a5\">Gef\u00e4\u00dfe sind seit jeher Elemente der Kulturgeschichte &#8211; sie bewahren, transportieren und pr\u00e4sentieren. Du lernst mit einfachen oder komplexeren Schablonen sowohl klare geometrische Linien als auch flie\u00dfende organische Konturen zu gestalten.<\/p>\n\n\n\n<p class=\"has-black-color has-text-color has-link-color wp-elements-394ba0bc477d3da108eed3a9386d0d7b\">Von der Materialauswahl \u00fcber das Filzen bis hin zur Gestaltung begleite ich dich durch den kreativen Prozess. Der Kurs richtet sich gleicherma\u00dfen an Anf\u00e4nger:innen sowie Fortgeschrittene.<\/p>\n\n\n\n<p class=\"has-black-color has-text-color has-link-color wp-elements-9ac00cf961d1ea846fe5a532228b76c6\"><\/p>\n\n\n\n<p class=\"has-black-color has-text-color has-link-color wp-elements-3c7af454f4b6d78f526bdb56ce90c7ec\">Kaffee, Tee, Getr\u00e4nke und Kekse inbegriffen. Eine Jause f\u00fcr eine gemeinsame Mittagspause bitte mitbringen. Es ist auch eine kleine K\u00fcche vorhanden.<\/p>\n\n\n\n<p class=\"has-black-color has-text-color has-link-color wp-elements-459d1a4d57962a3149933457bf3a2687\">Freitag, 11.September 2026            14.00 &#8211; 18.00 Uhr<br>Samstag, 12. September 2026        10.00 &#8211; 18.00 Uhr<\/p>\n\n\n\n<p class=\"has-black-color has-text-color has-link-color wp-elements-9066ea6dd1a71c360080dcacccf33593\">Kosten: \u20ac 160,00 + Material<\/p>\n\n\n\n<h3 class=\"wp-block-heading\" id=\"jetzt-gleich-anmelden-5\"> <a href=\"mailto:filzkunst@panweb.at?subject=Kursanmeldung: Nahtlos... seamless... 10. 3. - 13. 3. 2022\">Jetzt gle<\/a><strong><a href=\"mailto:filzkunst@panweb.at?subject=Kursanmeldung: Oberfl\u00e4chen und Formen 11. - 12. September 2026\">ich <\/a><a href=\"mailto:filzkunst@panweb.at?subject=Kursanmeldung: Texturen und Oberfl\u00e4chenlabor 17. - 18 Oktober 2025\">anmelden!<\/a><\/strong><\/h3>\n\n\n\n<p><\/p>\n\n\n\n<p><\/p>\n\n\n\n<h2 class=\"wp-block-heading\"><span style=\"color: #808080;\"><\/span><span style=\"color: #808080;\"><\/span><\/h2>\n\n\n\n<h3 class=\"wp-block-heading\" id=\"unterkunfte-in-und-um-zell-am-moos\"><span style=\"color: #808000;\">Unterk\u00fcnfte in und um Zell am Moos:<\/span><\/h3>\n\n\n\n<p>Tourismusinfo:<\/p>\n\n\n\n<p><a href=\"https:\/\/mondsee.salzkammergut.at\/oesterreich-stadt-ort\/detail\/430001296\/zell-am-moos-am-irrsee.html\">Zell am Moos\/Irrsee<\/a><\/p>\n\n\n\n<p><a href=\"https:\/\/www.urlaubambauernhof.at\/\">Urlaub am Bauernhof<\/a><\/p>\n\n\n\n<p>Bitte kontaktieren Sie den Tourismusverband Mondseeland direkt, wenn in der Hochsaison oder an Feiertagen viele Unterk\u00fcnfte belegt sind: &nbsp; &nbsp; &nbsp; &nbsp; &nbsp; &nbsp; &nbsp;+43 62322270\/info@mondsee.at<\/p>\n\n\n\n<h3 class=\"wp-block-heading\">&nbsp;<\/h3>\n","protected":false},"excerpt":{"rendered":"<p>Filzworkshops in kleinen Gruppen &#8211; in wundersch\u00f6ner Landschaft &nbsp; Offenes Filzatelier Samstag, 28. Februar 2026in Zell am Moos Egal, ob &hellip; <a href=\"https:\/\/www.panweb.at\/filz\/filzkurstermine\/\" class=\"more-link\">Continue reading <span class=\"screen-reader-text\">Filzkurstermine  &#8211;  Workshops  2026<\/span><\/a><\/p>\n","protected":false},"author":1,"featured_media":1455,"comment_status":"closed","ping_status":"open","sticky":false,"template":"","format":"standard","meta":{"jetpack_post_was_ever_published":false,"_jetpack_newsletter_access":"","_jetpack_dont_email_post_to_subs":true,"_jetpack_newsletter_tier_id":0,"_jetpack_memberships_contains_paywalled_content":false,"_jetpack_memberships_contains_paid_content":false,"footnotes":"","jetpack_publicize_message":"","jetpack_publicize_feature_enabled":true,"jetpack_social_post_already_shared":false,"jetpack_social_options":{"image_generator_settings":{"template":"highway","default_image_id":0,"font":"","enabled":false},"version":2}},"categories":[12],"tags":[],"class_list":["post-262","post","type-post","status-publish","format-standard","has-post-thumbnail","hentry","category-filzkurstermine"],"yoast_head":"<!-- This site is optimized with the Yoast SEO plugin v27.5 - https:\/\/yoast.com\/product\/yoast-seo-wordpress\/ -->\n<title>Filzkurstermine - Workshops 2026 - Constanze Kr\u00f6g<\/title>\n<meta name=\"description\" content=\"Filzkurstermine 2026 von Constanze Habringer-Kr\u00f6g in Zell am Moos. Workshops wie Raw Filz, Pflanzenf\u00e4rben, Eco Print und nahtloser Filzbekleidung.\" \/>\n<meta name=\"robots\" content=\"index, follow, max-snippet:-1, max-image-preview:large, max-video-preview:-1\" \/>\n<link rel=\"canonical\" href=\"https:\/\/www.panweb.at\/filz\/filzkurstermine\/\" \/>\n<meta property=\"og:locale\" content=\"de_DE\" \/>\n<meta property=\"og:type\" content=\"article\" \/>\n<meta property=\"og:title\" content=\"Filzkurstermine - Workshops 2026 - Constanze Kr\u00f6g\" \/>\n<meta property=\"og:description\" content=\"Filzkurstermine 2026 von Constanze Habringer-Kr\u00f6g in Zell am Moos. Workshops wie Raw Filz, Pflanzenf\u00e4rben, Eco Print und nahtloser Filzbekleidung.\" \/>\n<meta property=\"og:url\" content=\"https:\/\/www.panweb.at\/filz\/filzkurstermine\/\" \/>\n<meta property=\"og:site_name\" content=\"Constanze Kr\u00f6g\" \/>\n<meta property=\"article:publisher\" content=\"http:\/\/@constanzekroeg\" \/>\n<meta property=\"article:published_time\" content=\"2014-11-24T11:38:29+00:00\" \/>\n<meta property=\"article:modified_time\" content=\"2026-03-14T08:54:33+00:00\" \/>\n<meta property=\"og:image\" content=\"https:\/\/www.panweb.at\/filz\/wp-content\/uploads\/2021\/05\/C9A5AF8A-0C78-4476-B0C7-D37246E91249-e1620904323379.jpeg\" \/>\n\t<meta property=\"og:image:width\" content=\"1182\" \/>\n\t<meta property=\"og:image:height\" content=\"815\" \/>\n\t<meta property=\"og:image:type\" content=\"image\/jpeg\" \/>\n<meta name=\"author\" content=\"constanze\" \/>\n<meta name=\"twitter:card\" content=\"summary_large_image\" \/>\n<meta name=\"twitter:label1\" content=\"Verfasst von\" \/>\n\t<meta name=\"twitter:data1\" content=\"constanze\" \/>\n\t<meta name=\"twitter:label2\" content=\"Gesch\u00e4tzte Lesezeit\" \/>\n\t<meta name=\"twitter:data2\" content=\"9\u00a0Minuten\" \/>\n<script type=\"application\/ld+json\" class=\"yoast-schema-graph\">{\"@context\":\"https:\\\/\\\/schema.org\",\"@graph\":[{\"@type\":\"Article\",\"@id\":\"https:\\\/\\\/www.panweb.at\\\/filz\\\/filzkurstermine\\\/#article\",\"isPartOf\":{\"@id\":\"https:\\\/\\\/www.panweb.at\\\/filz\\\/filzkurstermine\\\/\"},\"author\":{\"name\":\"constanze\",\"@id\":\"https:\\\/\\\/www.panweb.at\\\/filz\\\/#\\\/schema\\\/person\\\/b2d508ca58635b87ce21267b401e6c36\"},\"headline\":\"Filzkurstermine &#8211; Workshops 2026\",\"datePublished\":\"2014-11-24T11:38:29+00:00\",\"dateModified\":\"2026-03-14T08:54:33+00:00\",\"mainEntityOfPage\":{\"@id\":\"https:\\\/\\\/www.panweb.at\\\/filz\\\/filzkurstermine\\\/\"},\"wordCount\":1227,\"publisher\":{\"@id\":\"https:\\\/\\\/www.panweb.at\\\/filz\\\/#organization\"},\"image\":{\"@id\":\"https:\\\/\\\/www.panweb.at\\\/filz\\\/filzkurstermine\\\/#primaryimage\"},\"thumbnailUrl\":\"https:\\\/\\\/i0.wp.com\\\/www.panweb.at\\\/filz\\\/wp-content\\\/uploads\\\/2021\\\/05\\\/C9A5AF8A-0C78-4476-B0C7-D37246E91249-e1620904323379.jpeg?fit=1182%2C815&ssl=1\",\"articleSection\":[\"Filzkurstermine\"],\"inLanguage\":\"de\"},{\"@type\":\"WebPage\",\"@id\":\"https:\\\/\\\/www.panweb.at\\\/filz\\\/filzkurstermine\\\/\",\"url\":\"https:\\\/\\\/www.panweb.at\\\/filz\\\/filzkurstermine\\\/\",\"name\":\"Filzkurstermine - Workshops 2026 - Constanze Kr\u00f6g\",\"isPartOf\":{\"@id\":\"https:\\\/\\\/www.panweb.at\\\/filz\\\/#website\"},\"primaryImageOfPage\":{\"@id\":\"https:\\\/\\\/www.panweb.at\\\/filz\\\/filzkurstermine\\\/#primaryimage\"},\"image\":{\"@id\":\"https:\\\/\\\/www.panweb.at\\\/filz\\\/filzkurstermine\\\/#primaryimage\"},\"thumbnailUrl\":\"https:\\\/\\\/i0.wp.com\\\/www.panweb.at\\\/filz\\\/wp-content\\\/uploads\\\/2021\\\/05\\\/C9A5AF8A-0C78-4476-B0C7-D37246E91249-e1620904323379.jpeg?fit=1182%2C815&ssl=1\",\"datePublished\":\"2014-11-24T11:38:29+00:00\",\"dateModified\":\"2026-03-14T08:54:33+00:00\",\"description\":\"Filzkurstermine 2026 von Constanze Habringer-Kr\u00f6g in Zell am Moos. Workshops wie Raw Filz, Pflanzenf\u00e4rben, Eco Print und nahtloser Filzbekleidung.\",\"breadcrumb\":{\"@id\":\"https:\\\/\\\/www.panweb.at\\\/filz\\\/filzkurstermine\\\/#breadcrumb\"},\"inLanguage\":\"de\",\"potentialAction\":[{\"@type\":\"ReadAction\",\"target\":[\"https:\\\/\\\/www.panweb.at\\\/filz\\\/filzkurstermine\\\/\"]}]},{\"@type\":\"ImageObject\",\"inLanguage\":\"de\",\"@id\":\"https:\\\/\\\/www.panweb.at\\\/filz\\\/filzkurstermine\\\/#primaryimage\",\"url\":\"https:\\\/\\\/i0.wp.com\\\/www.panweb.at\\\/filz\\\/wp-content\\\/uploads\\\/2021\\\/05\\\/C9A5AF8A-0C78-4476-B0C7-D37246E91249-e1620904323379.jpeg?fit=1182%2C815&ssl=1\",\"contentUrl\":\"https:\\\/\\\/i0.wp.com\\\/www.panweb.at\\\/filz\\\/wp-content\\\/uploads\\\/2021\\\/05\\\/C9A5AF8A-0C78-4476-B0C7-D37246E91249-e1620904323379.jpeg?fit=1182%2C815&ssl=1\",\"width\":1182,\"height\":815},{\"@type\":\"BreadcrumbList\",\"@id\":\"https:\\\/\\\/www.panweb.at\\\/filz\\\/filzkurstermine\\\/#breadcrumb\",\"itemListElement\":[{\"@type\":\"ListItem\",\"position\":1,\"name\":\"Home\",\"item\":\"https:\\\/\\\/www.panweb.at\\\/filz\\\/\"},{\"@type\":\"ListItem\",\"position\":2,\"name\":\"Filzkurstermine &#8211; Workshops 2026\"}]},{\"@type\":\"WebSite\",\"@id\":\"https:\\\/\\\/www.panweb.at\\\/filz\\\/#website\",\"url\":\"https:\\\/\\\/www.panweb.at\\\/filz\\\/\",\"name\":\"Constanze Kr\u00f6g\",\"description\":\"Filzkurse in Ober\u00f6sterreich, Filzkunst, Rostf\u00e4rbung, Filzbekleidung, Nunofilz, Ecoprint, filzen lernen\",\"publisher\":{\"@id\":\"https:\\\/\\\/www.panweb.at\\\/filz\\\/#organization\"},\"potentialAction\":[{\"@type\":\"SearchAction\",\"target\":{\"@type\":\"EntryPoint\",\"urlTemplate\":\"https:\\\/\\\/www.panweb.at\\\/filz\\\/?s={search_term_string}\"},\"query-input\":{\"@type\":\"PropertyValueSpecification\",\"valueRequired\":true,\"valueName\":\"search_term_string\"}}],\"inLanguage\":\"de\"},{\"@type\":\"Organization\",\"@id\":\"https:\\\/\\\/www.panweb.at\\\/filz\\\/#organization\",\"name\":\"Constanze Kr\u00f6g\\\/ Filz Hand Werk\",\"url\":\"https:\\\/\\\/www.panweb.at\\\/filz\\\/\",\"logo\":{\"@type\":\"ImageObject\",\"inLanguage\":\"de\",\"@id\":\"https:\\\/\\\/www.panweb.at\\\/filz\\\/#\\\/schema\\\/logo\\\/image\\\/\",\"url\":\"https:\\\/\\\/i0.wp.com\\\/www.panweb.at\\\/filz\\\/wp-content\\\/uploads\\\/2025\\\/09\\\/Logo_02_24__web1500px_rgb.jpg?fit=1500%2C1493&ssl=1\",\"contentUrl\":\"https:\\\/\\\/i0.wp.com\\\/www.panweb.at\\\/filz\\\/wp-content\\\/uploads\\\/2025\\\/09\\\/Logo_02_24__web1500px_rgb.jpg?fit=1500%2C1493&ssl=1\",\"width\":1500,\"height\":1493,\"caption\":\"Constanze Kr\u00f6g\\\/ Filz Hand Werk\"},\"image\":{\"@id\":\"https:\\\/\\\/www.panweb.at\\\/filz\\\/#\\\/schema\\\/logo\\\/image\\\/\"},\"sameAs\":[\"http:\\\/\\\/@constanzekroeg\"]},{\"@type\":\"Person\",\"@id\":\"https:\\\/\\\/www.panweb.at\\\/filz\\\/#\\\/schema\\\/person\\\/b2d508ca58635b87ce21267b401e6c36\",\"name\":\"constanze\",\"url\":\"https:\\\/\\\/www.panweb.at\\\/filz\\\/author\\\/constanze\\\/\"}]}<\/script>\n<!-- \/ Yoast SEO plugin. -->","yoast_head_json":{"title":"Filzkurstermine - Workshops 2026 - Constanze Kr\u00f6g","description":"Filzkurstermine 2026 von Constanze Habringer-Kr\u00f6g in Zell am Moos. Workshops wie Raw Filz, Pflanzenf\u00e4rben, Eco Print und nahtloser Filzbekleidung.","robots":{"index":"index","follow":"follow","max-snippet":"max-snippet:-1","max-image-preview":"max-image-preview:large","max-video-preview":"max-video-preview:-1"},"canonical":"https:\/\/www.panweb.at\/filz\/filzkurstermine\/","og_locale":"de_DE","og_type":"article","og_title":"Filzkurstermine - Workshops 2026 - Constanze Kr\u00f6g","og_description":"Filzkurstermine 2026 von Constanze Habringer-Kr\u00f6g in Zell am Moos. Workshops wie Raw Filz, Pflanzenf\u00e4rben, Eco Print und nahtloser Filzbekleidung.","og_url":"https:\/\/www.panweb.at\/filz\/filzkurstermine\/","og_site_name":"Constanze Kr\u00f6g","article_publisher":"http:\/\/@constanzekroeg","article_published_time":"2014-11-24T11:38:29+00:00","article_modified_time":"2026-03-14T08:54:33+00:00","og_image":[{"width":1182,"height":815,"url":"https:\/\/www.panweb.at\/filz\/wp-content\/uploads\/2021\/05\/C9A5AF8A-0C78-4476-B0C7-D37246E91249-e1620904323379.jpeg","type":"image\/jpeg"}],"author":"constanze","twitter_card":"summary_large_image","twitter_misc":{"Verfasst von":"constanze","Gesch\u00e4tzte Lesezeit":"9\u00a0Minuten"},"schema":{"@context":"https:\/\/schema.org","@graph":[{"@type":"Article","@id":"https:\/\/www.panweb.at\/filz\/filzkurstermine\/#article","isPartOf":{"@id":"https:\/\/www.panweb.at\/filz\/filzkurstermine\/"},"author":{"name":"constanze","@id":"https:\/\/www.panweb.at\/filz\/#\/schema\/person\/b2d508ca58635b87ce21267b401e6c36"},"headline":"Filzkurstermine &#8211; Workshops 2026","datePublished":"2014-11-24T11:38:29+00:00","dateModified":"2026-03-14T08:54:33+00:00","mainEntityOfPage":{"@id":"https:\/\/www.panweb.at\/filz\/filzkurstermine\/"},"wordCount":1227,"publisher":{"@id":"https:\/\/www.panweb.at\/filz\/#organization"},"image":{"@id":"https:\/\/www.panweb.at\/filz\/filzkurstermine\/#primaryimage"},"thumbnailUrl":"https:\/\/i0.wp.com\/www.panweb.at\/filz\/wp-content\/uploads\/2021\/05\/C9A5AF8A-0C78-4476-B0C7-D37246E91249-e1620904323379.jpeg?fit=1182%2C815&ssl=1","articleSection":["Filzkurstermine"],"inLanguage":"de"},{"@type":"WebPage","@id":"https:\/\/www.panweb.at\/filz\/filzkurstermine\/","url":"https:\/\/www.panweb.at\/filz\/filzkurstermine\/","name":"Filzkurstermine - Workshops 2026 - Constanze Kr\u00f6g","isPartOf":{"@id":"https:\/\/www.panweb.at\/filz\/#website"},"primaryImageOfPage":{"@id":"https:\/\/www.panweb.at\/filz\/filzkurstermine\/#primaryimage"},"image":{"@id":"https:\/\/www.panweb.at\/filz\/filzkurstermine\/#primaryimage"},"thumbnailUrl":"https:\/\/i0.wp.com\/www.panweb.at\/filz\/wp-content\/uploads\/2021\/05\/C9A5AF8A-0C78-4476-B0C7-D37246E91249-e1620904323379.jpeg?fit=1182%2C815&ssl=1","datePublished":"2014-11-24T11:38:29+00:00","dateModified":"2026-03-14T08:54:33+00:00","description":"Filzkurstermine 2026 von Constanze Habringer-Kr\u00f6g in Zell am Moos. Workshops wie Raw Filz, Pflanzenf\u00e4rben, Eco Print und nahtloser Filzbekleidung.","breadcrumb":{"@id":"https:\/\/www.panweb.at\/filz\/filzkurstermine\/#breadcrumb"},"inLanguage":"de","potentialAction":[{"@type":"ReadAction","target":["https:\/\/www.panweb.at\/filz\/filzkurstermine\/"]}]},{"@type":"ImageObject","inLanguage":"de","@id":"https:\/\/www.panweb.at\/filz\/filzkurstermine\/#primaryimage","url":"https:\/\/i0.wp.com\/www.panweb.at\/filz\/wp-content\/uploads\/2021\/05\/C9A5AF8A-0C78-4476-B0C7-D37246E91249-e1620904323379.jpeg?fit=1182%2C815&ssl=1","contentUrl":"https:\/\/i0.wp.com\/www.panweb.at\/filz\/wp-content\/uploads\/2021\/05\/C9A5AF8A-0C78-4476-B0C7-D37246E91249-e1620904323379.jpeg?fit=1182%2C815&ssl=1","width":1182,"height":815},{"@type":"BreadcrumbList","@id":"https:\/\/www.panweb.at\/filz\/filzkurstermine\/#breadcrumb","itemListElement":[{"@type":"ListItem","position":1,"name":"Home","item":"https:\/\/www.panweb.at\/filz\/"},{"@type":"ListItem","position":2,"name":"Filzkurstermine &#8211; Workshops 2026"}]},{"@type":"WebSite","@id":"https:\/\/www.panweb.at\/filz\/#website","url":"https:\/\/www.panweb.at\/filz\/","name":"Constanze Kr\u00f6g","description":"Filzkurse in Ober\u00f6sterreich, Filzkunst, Rostf\u00e4rbung, Filzbekleidung, Nunofilz, Ecoprint, filzen lernen","publisher":{"@id":"https:\/\/www.panweb.at\/filz\/#organization"},"potentialAction":[{"@type":"SearchAction","target":{"@type":"EntryPoint","urlTemplate":"https:\/\/www.panweb.at\/filz\/?s={search_term_string}"},"query-input":{"@type":"PropertyValueSpecification","valueRequired":true,"valueName":"search_term_string"}}],"inLanguage":"de"},{"@type":"Organization","@id":"https:\/\/www.panweb.at\/filz\/#organization","name":"Constanze Kr\u00f6g\/ Filz Hand Werk","url":"https:\/\/www.panweb.at\/filz\/","logo":{"@type":"ImageObject","inLanguage":"de","@id":"https:\/\/www.panweb.at\/filz\/#\/schema\/logo\/image\/","url":"https:\/\/i0.wp.com\/www.panweb.at\/filz\/wp-content\/uploads\/2025\/09\/Logo_02_24__web1500px_rgb.jpg?fit=1500%2C1493&ssl=1","contentUrl":"https:\/\/i0.wp.com\/www.panweb.at\/filz\/wp-content\/uploads\/2025\/09\/Logo_02_24__web1500px_rgb.jpg?fit=1500%2C1493&ssl=1","width":1500,"height":1493,"caption":"Constanze Kr\u00f6g\/ Filz Hand Werk"},"image":{"@id":"https:\/\/www.panweb.at\/filz\/#\/schema\/logo\/image\/"},"sameAs":["http:\/\/@constanzekroeg"]},{"@type":"Person","@id":"https:\/\/www.panweb.at\/filz\/#\/schema\/person\/b2d508ca58635b87ce21267b401e6c36","name":"constanze","url":"https:\/\/www.panweb.at\/filz\/author\/constanze\/"}]}},"jetpack_publicize_connections":[],"jetpack_featured_media_url":"https:\/\/i0.wp.com\/www.panweb.at\/filz\/wp-content\/uploads\/2021\/05\/C9A5AF8A-0C78-4476-B0C7-D37246E91249-e1620904323379.jpeg?fit=1182%2C815&ssl=1","jetpack_sharing_enabled":true,"jetpack_shortlink":"https:\/\/wp.me\/p7FOsf-4e","jetpack-related-posts":[],"_links":{"self":[{"href":"https:\/\/www.panweb.at\/filz\/wp-json\/wp\/v2\/posts\/262","targetHints":{"allow":["GET"]}}],"collection":[{"href":"https:\/\/www.panweb.at\/filz\/wp-json\/wp\/v2\/posts"}],"about":[{"href":"https:\/\/www.panweb.at\/filz\/wp-json\/wp\/v2\/types\/post"}],"author":[{"embeddable":true,"href":"https:\/\/www.panweb.at\/filz\/wp-json\/wp\/v2\/users\/1"}],"replies":[{"embeddable":true,"href":"https:\/\/www.panweb.at\/filz\/wp-json\/wp\/v2\/comments?post=262"}],"version-history":[{"count":498,"href":"https:\/\/www.panweb.at\/filz\/wp-json\/wp\/v2\/posts\/262\/revisions"}],"predecessor-version":[{"id":2211,"href":"https:\/\/www.panweb.at\/filz\/wp-json\/wp\/v2\/posts\/262\/revisions\/2211"}],"wp:featuredmedia":[{"embeddable":true,"href":"https:\/\/www.panweb.at\/filz\/wp-json\/wp\/v2\/media\/1455"}],"wp:attachment":[{"href":"https:\/\/www.panweb.at\/filz\/wp-json\/wp\/v2\/media?parent=262"}],"wp:term":[{"taxonomy":"category","embeddable":true,"href":"https:\/\/www.panweb.at\/filz\/wp-json\/wp\/v2\/categories?post=262"},{"taxonomy":"post_tag","embeddable":true,"href":"https:\/\/www.panweb.at\/filz\/wp-json\/wp\/v2\/tags?post=262"}],"curies":[{"name":"wp","href":"https:\/\/api.w.org\/{rel}","templated":true}]}}